{"id":12905,"date":"2021-12-04T11:48:32","date_gmt":"2021-12-04T10:48:32","guid":{"rendered":"https:\/\/www.salumificiovitali.com\/?p=12905"},"modified":"2022-01-17T18:47:11","modified_gmt":"2022-01-17T17:47:11","slug":"fantasia","status":"publish","type":"post","link":"https:\/\/www.salumificiovitali.com\/fr\/fantasia\/","title":{"rendered":"Fantasia"},"content":{"rendered":"<p>[vc_row][vc_column][vc_empty_space height=\u00a0\u00bb22px\u00a0\u00bb][vc_column_text css_animation=\u00a0\u00bbfadeInUp\u00a0\u00bb]<\/p>\n<p style=\"text-align: center;\"><span style=\"font-family: thirstyscriptbold; font-size: 26pt;\"><span style=\"color: #cf372c;\">Fantasia<\/span><\/span><\/p>\n<p>[\/vc_column_text][vc_column_text css_animation=\u00a0\u00bbfadeInUp\u00a0\u00bb]<\/p>\n<p style=\"text-align: center;\"><big>Brioche fantaisie sal\u00e9e avec ricotta, bettes grill\u00e9es, \u00e9minc\u00e9 de tiges de bettes blanchies et noix.<\/big><\/p>\n<p>[\/vc_column_text][vc_empty_space height=\u00a0\u00bb22px\u00a0\u00bb][\/vc_column][\/vc_row][vc_row full_width=\u00a0\u00bbstretch_row\u00a0\u00bb css=\u00a0\u00bb.vc_custom_1639064576501{padding-top: 40px !important;background-image: url(https:\/\/www.salumificiovitali.com\/wp-content\/uploads\/2021\/11\/ricette_bg.jpg?id=12852) !important;background-position: center !important;background-repeat: no-repeat !important;background-size: contain !important;}\u00a0\u00bb][vc_column width=\u00a0\u00bb1\/2&Prime;][vc_column_text css_animation=\u00a0\u00bbfadeInUp\u00a0\u00bb]<\/p>\n<p style=\"text-align: left;\"><span style=\"font-family: thirstyscriptbold; font-size: 26pt;\"><span style=\"color: #cf372c;\">Ingredi\u00e9nts<\/span><\/span><\/p>\n<p>[\/vc_column_text][vc_empty_space height=\u00a0\u00bb12px\u00a0\u00bb][vc_column_text css_animation=\u00a0\u00bbfadeInUp\u00a0\u00bb]<\/p>\n<ul>\n<li>80\u00a0g de focaccia au potiron<\/li>\n<li>80\u00a0g de jambon cru affin\u00e9 Vitali coup\u00e9 en fines tranches<\/li>\n<li>quelques feuilles de bettes aux tiges color\u00e9es (rouges, jaunes, blanches)<\/li>\n<li>20\u00a0g de ricotta de ch\u00e8vre<\/li>\n<li>quelques cerneaux de noix<\/li>\n<li>huile d\u2019olive vierge-extra, sel et poivre du moulin<\/li>\n<li>brie<\/li>\n<\/ul>\n<p>[\/vc_column_text][vc_empty_space][vc_column_text css_animation=\u00a0\u00bbfadeInUp\u00a0\u00bb]<\/p>\n<p style=\"text-align: left;\"><span style=\"font-family: thirstyscriptbold; font-size: 26pt;\"><span style=\"color: #cf372c;\">Pr\u00e9paration<\/span><\/span><\/p>\n<p>[\/vc_column_text][vc_empty_space height=\u00a0\u00bb12px\u00a0\u00bb][vc_column_text css_animation=\u00a0\u00bbfadeInUp\u00a0\u00bb]S\u00e9parez la feuille des tiges des bettes. Faites chauffer les feuilles bien lav\u00e9es dans la po\u00eale avec de l\u2019huile d\u2019olive, couvrez. Salez. \u00c9mincez la tige des bettes finement ainsi que les cerneaux de noix. Assaisonnez avec l\u2019huile d\u2019olive, le sel et le poivre du moulin. Coupez les tranches de brie finement.<\/p>\n<p><!-- \/wp:paragraph -->[\/vc_column_text][vc_empty_space height=\u00a0\u00bb22px\u00a0\u00bb][vc_column_text css_animation=\u00a0\u00bbfadeInUp\u00a0\u00bb]<\/p>\n<p style=\"text-align: left;\"><span style=\"font-family: thirstyscriptbold; font-size: 26pt;\"><span style=\"color: #cf372c;\">Dressage<\/span><\/span><\/p>\n<p>[\/vc_column_text][vc_empty_space height=\u00a0\u00bb12px\u00a0\u00bb][vc_column_text css_animation=\u00a0\u00bbfadeInUp\u00a0\u00bb]Coupez la focaccia au potiron en deux et r\u00e9chauffez-la l\u00e9g\u00e8rement. Placez la ricotta pr\u00e9alablement assaisonn\u00e9e avec du sel et de l\u2019huile d\u2019olive sur la base inf\u00e9rieure, puis placez les feuilles de bettes cuites. Ajoutez ensuite les tranches de jambon cru affin\u00e9 et finissez avec le m\u00e9lange de tiges et noix.<\/p>\n<p><!-- \/wp:paragraph -->[\/vc_column_text][\/vc_column][vc_column width=\u00a0\u00bb1\/2&Prime;][vc_single_image image=\u00a0\u00bb12906&Prime; img_size=\u00a0\u00bb380&#215;376&Prime; add_caption=\u00a0\u00bbyes\u00a0\u00bb alignment=\u00a0\u00bbcenter\u00a0\u00bb css_animation=\u00a0\u00bbfadeInUp\u00a0\u00bb][vc_empty_space height=\u00a0\u00bb52px\u00a0\u00bb][vc_single_image image=\u00a0\u00bb12907&Prime; img_size=\u00a0\u00bbfull\u00a0\u00bb alignment=\u00a0\u00bbcenter\u00a0\u00bb css_animation=\u00a0\u00bbfadeInUp\u00a0\u00bb][\/vc_column][\/vc_row][vc_row full_width=\u00a0\u00bbstretch_row\u00a0\u00bb][vc_column][vc_empty_space][vc_column_text]<\/p>\n<p style=\"text-align: center;\"><span style=\"font-family: thirstyscriptbold; font-size: 26pt;\"><span style=\"color: #cf372c;\">Altre ricette<\/span><\/span><\/p>\n<p>[\/vc_column_text][vc_empty_space][vc_column_text]\t\t<div class=\"wppsac-wrap wppsac-slick-carousel-wrp wppsac-clearfix \" data-conf=\"{&quot;slides_to_show&quot;:3,&quot;slides_to_scroll&quot;:&quot;1&quot;,&quot;dots&quot;:&quot;false&quot;,&quot;arrows&quot;:&quot;true&quot;,&quot;autoplay&quot;:&quot;true&quot;,&quot;autoplay_interval&quot;:3000,&quot;speed&quot;:500,&quot;rtl&quot;:&quot;false&quot;,&quot;lazyload&quot;:&quot;&quot;}\">\r\n\t\t\t<div id=\"wppsac-post-carousel-4\" class=\"wppsac-post-slider-init wppsac-post-carousel design-1\">\r\n\t\t\t\t<div class=\"wppsac-carousel-slides\">\r\n\t\t<div class=\"wppsac-post-image-bg\">\r\n\t\t<a href=\"https:\/\/www.salumificiovitali.com\/fr\/la-buonissima\/\">\r\n\t\t\t<img class=\"wppsac-post-image\"  src=\"https:\/\/www.salumificiovitali.com\/wp-content\/uploads\/2021\/12\/LA-BUONISSIMA_MODENA_Crescentina_7997a.jpg\" alt=\"La Buonissima\" \/>\r\n\t\t<\/a>\r\n\t<\/div>\r\n\t\r\n\t<div class=\"wppsac-post-content-position\">\r\n\t\t\t\t<div class=\"wppsac-post-categories\"><ul class=\"wppsac-post-categories-list\"><li><a href=\"https:\/\/www.salumificiovitali.com\/fr\/category\/panini\/\">Sandwichs<\/a><\/li><li><a href=\"https:\/\/www.salumificiovitali.com\/fr\/category\/ricette\/\">Recettes<\/a><\/li><\/ul><\/div>\r\n\t\t\r\n\t\t<h2 class=\"wppsac-post-title\">\r\n\t\t\t<a href=\"https:\/\/www.salumificiovitali.com\/fr\/la-buonissima\/\">La Buonissima<\/a>\r\n\t\t<\/h2>\r\n\r\n\t\t\t\t<div class=\"wppsac-post-content\">\r\n\t\t\t<div class=\"wppsac-sub-content\">[vc_row][vc_column][vc_empty_space height=\"22px\"][vc_column_text css_animation=\"fadeInUp\"] La D\u00e9licieuse [\/vc_column_text][vc_column_text css_animation=\"fadeInUp\"] Crescentina (pain de notre r\u00e9gion) avec une cr\u00e8me de parmigiano reggiano et du...<\/div>\r\n\r\n\t\t\t\t\t\t<a class=\"wppsac-readmorebtn\" href=\"https:\/\/www.salumificiovitali.com\/fr\/la-buonissima\/\">Read More<\/a>\r\n\t\t\t\t\t<\/div>\r\n\t\t\t<\/div>\r\n<\/div><div class=\"wppsac-carousel-slides\">\r\n\t\t<div class=\"wppsac-post-image-bg\">\r\n\t\t<a href=\"https:\/\/www.salumificiovitali.com\/fr\/il-ducato\/\">\r\n\t\t\t<img class=\"wppsac-post-image\"  src=\"https:\/\/www.salumificiovitali.com\/wp-content\/uploads\/2021\/12\/IL-DUCATO_PARMA_Torta-fritta_7868.jpg\" alt=\"Il Ducato\" \/>\r\n\t\t<\/a>\r\n\t<\/div>\r\n\t\r\n\t<div class=\"wppsac-post-content-position\">\r\n\t\t\t\t<div class=\"wppsac-post-categories\"><ul class=\"wppsac-post-categories-list\"><li><a href=\"https:\/\/www.salumificiovitali.com\/fr\/category\/panini\/\">Sandwichs<\/a><\/li><li><a href=\"https:\/\/www.salumificiovitali.com\/fr\/category\/ricette\/\">Recettes<\/a><\/li><\/ul><\/div>\r\n\t\t\r\n\t\t<h2 class=\"wppsac-post-title\">\r\n\t\t\t<a href=\"https:\/\/www.salumificiovitali.com\/fr\/il-ducato\/\">Il Ducato<\/a>\r\n\t\t<\/h2>\r\n\r\n\t\t\t\t<div class=\"wppsac-post-content\">\r\n\t\t\t<div class=\"wppsac-sub-content\">[vc_row][vc_column][vc_empty_space height=\"22px\"][vc_column_text css_animation=\"fadeInUp\"] Il Ducato [\/vc_column_text][vc_column_text css_animation=\"fadeInUp\"] Torta fritta (pain frit) avec du fromage de vache coup\u00e9 en fines tranches...<\/div>\r\n\r\n\t\t\t\t\t\t<a class=\"wppsac-readmorebtn\" href=\"https:\/\/www.salumificiovitali.com\/fr\/il-ducato\/\">Read More<\/a>\r\n\t\t\t\t\t<\/div>\r\n\t\t\t<\/div>\r\n<\/div><div class=\"wppsac-carousel-slides\">\r\n\t\t<div class=\"wppsac-post-image-bg\">\r\n\t\t<a href=\"https:\/\/www.salumificiovitali.com\/fr\/il-friulano\/\">\r\n\t\t\t<img class=\"wppsac-post-image\"  src=\"https:\/\/www.salumificiovitali.com\/wp-content\/uploads\/2021\/12\/IL-FRIULANO_SAN-DANIELE_Bun-di-semi_7808.jpg\" alt=\"Il Friulano\" \/>\r\n\t\t<\/a>\r\n\t<\/div>\r\n\t\r\n\t<div class=\"wppsac-post-content-position\">\r\n\t\t\t\t<div class=\"wppsac-post-categories\"><ul class=\"wppsac-post-categories-list\"><li><a href=\"https:\/\/www.salumificiovitali.com\/fr\/category\/panini\/\">Sandwichs<\/a><\/li><li><a href=\"https:\/\/www.salumificiovitali.com\/fr\/category\/ricette\/\">Recettes<\/a><\/li><\/ul><\/div>\r\n\t\t\r\n\t\t<h2 class=\"wppsac-post-title\">\r\n\t\t\t<a href=\"https:\/\/www.salumificiovitali.com\/fr\/il-friulano\/\">Il Friulano<\/a>\r\n\t\t<\/h2>\r\n\r\n\t\t\t\t<div class=\"wppsac-post-content\">\r\n\t\t\t<div class=\"wppsac-sub-content\">[vc_row][vc_column][vc_empty_space height=\"22px\"][vc_column_text css_animation=\"fadeInUp\"] Il Friulano [\/vc_column_text][vc_column_text css_animation=\"fadeInUp\"] Le Pain \u00e0 hamburger frioulan aux graines de s\u00e9same avec r\u00f6sti de pommes...<\/div>\r\n\r\n\t\t\t\t\t\t<a class=\"wppsac-readmorebtn\" href=\"https:\/\/www.salumificiovitali.com\/fr\/il-friulano\/\">Read More<\/a>\r\n\t\t\t\t\t<\/div>\r\n\t\t\t<\/div>\r\n<\/div><div class=\"wppsac-carousel-slides\">\r\n\t\t<div class=\"wppsac-post-image-bg\">\r\n\t\t<a href=\"https:\/\/www.salumificiovitali.com\/fr\/sapore-destate-2\/\">\r\n\t\t\t<img class=\"wppsac-post-image\"  src=\"https:\/\/www.salumificiovitali.com\/wp-content\/uploads\/2021\/12\/SAPORE-DESTATE_GRAN-SAPORE_Ciabattina_7847.jpg\" alt=\"Sapore d\u2019Estate\" \/>\r\n\t\t<\/a>\r\n\t<\/div>\r\n\t\r\n\t<div class=\"wppsac-post-content-position\">\r\n\t\t\t\t<div class=\"wppsac-post-categories\"><ul class=\"wppsac-post-categories-list\"><li><a href=\"https:\/\/www.salumificiovitali.com\/fr\/category\/panini\/\">Sandwichs<\/a><\/li><li><a href=\"https:\/\/www.salumificiovitali.com\/fr\/category\/ricette\/\">Recettes<\/a><\/li><\/ul><\/div>\r\n\t\t\r\n\t\t<h2 class=\"wppsac-post-title\">\r\n\t\t\t<a href=\"https:\/\/www.salumificiovitali.com\/fr\/sapore-destate-2\/\">Sapore d\u2019Estate<\/a>\r\n\t\t<\/h2>\r\n\r\n\t\t\t\t<div class=\"wppsac-post-content\">\r\n\t\t\t<div class=\"wppsac-sub-content\">[vc_row][vc_column][vc_empty_space height=\"22px\"][vc_column_text css_animation=\"fadeInUp\"] Sapore d\u2019Estate [\/vc_column_text][vc_column_text css_animation=\"fadeInUp\"] Ciabatta aux saveurs d'\u00e9t\u00e9 avec stracciatella, aubergines grill\u00e9es \u00e0 la sauge et tomate...<\/div>\r\n\r\n\t\t\t\t\t\t<a class=\"wppsac-readmorebtn\" href=\"https:\/\/www.salumificiovitali.com\/fr\/sapore-destate-2\/\">Read More<\/a>\r\n\t\t\t\t\t<\/div>\r\n\t\t\t<\/div>\r\n<\/div><div class=\"wppsac-carousel-slides\">\r\n\t\t<div class=\"wppsac-post-image-bg\">\r\n\t\t<a href=\"https:\/\/www.salumificiovitali.com\/fr\/fantasia\/\">\r\n\t\t\t<img class=\"wppsac-post-image\"  src=\"https:\/\/www.salumificiovitali.com\/wp-content\/uploads\/2021\/12\/FANTASIA_CRUDO-STAGIONATO_Brioche-salata_7910.jpg\" alt=\"Fantasia\" \/>\r\n\t\t<\/a>\r\n\t<\/div>\r\n\t\r\n\t<div class=\"wppsac-post-content-position\">\r\n\t\t\t\t<div class=\"wppsac-post-categories\"><ul class=\"wppsac-post-categories-list\"><li><a href=\"https:\/\/www.salumificiovitali.com\/fr\/category\/panini\/\">Sandwichs<\/a><\/li><li><a href=\"https:\/\/www.salumificiovitali.com\/fr\/category\/ricette\/\">Recettes<\/a><\/li><\/ul><\/div>\r\n\t\t\r\n\t\t<h2 class=\"wppsac-post-title\">\r\n\t\t\t<a href=\"https:\/\/www.salumificiovitali.com\/fr\/fantasia\/\">Fantasia<\/a>\r\n\t\t<\/h2>\r\n\r\n\t\t\t\t<div class=\"wppsac-post-content\">\r\n\t\t\t<div class=\"wppsac-sub-content\">[vc_row][vc_column][vc_empty_space height=\"22px\"][vc_column_text css_animation=\"fadeInUp\"] Fantasia [\/vc_column_text][vc_column_text css_animation=\"fadeInUp\"] Brioche fantaisie sal\u00e9e avec ricotta, bettes grill\u00e9es, \u00e9minc\u00e9 de tiges de bettes blanchies et...<\/div>\r\n\r\n\t\t\t\t\t\t<a class=\"wppsac-readmorebtn\" href=\"https:\/\/www.salumificiovitali.com\/fr\/fantasia\/\">Read More<\/a>\r\n\t\t\t\t\t<\/div>\r\n\t\t\t<\/div>\r\n<\/div><div class=\"wppsac-carousel-slides\">\r\n\t\t<div class=\"wppsac-post-image-bg\">\r\n\t\t<a href=\"https:\/\/www.salumificiovitali.com\/fr\/italico\/\">\r\n\t\t\t<img class=\"wppsac-post-image\"  src=\"https:\/\/www.salumificiovitali.com\/wp-content\/uploads\/2021\/12\/ITALICO_VITALI_Pane-di-grano-duro_7939.jpg\" alt=\"Italico\" \/>\r\n\t\t<\/a>\r\n\t<\/div>\r\n\t\r\n\t<div class=\"wppsac-post-content-position\">\r\n\t\t\t\t<div class=\"wppsac-post-categories\"><ul class=\"wppsac-post-categories-list\"><li><a href=\"https:\/\/www.salumificiovitali.com\/fr\/category\/panini\/\">Sandwichs<\/a><\/li><li><a href=\"https:\/\/www.salumificiovitali.com\/fr\/category\/ricette\/\">Recettes<\/a><\/li><\/ul><\/div>\r\n\t\t\r\n\t\t<h2 class=\"wppsac-post-title\">\r\n\t\t\t<a href=\"https:\/\/www.salumificiovitali.com\/fr\/italico\/\">Italico<\/a>\r\n\t\t<\/h2>\r\n\r\n\t\t\t\t<div class=\"wppsac-post-content\">\r\n\t\t\t<div class=\"wppsac-sub-content\">[vc_row][vc_column][vc_empty_space height=\"22px\"][vc_column_text css_animation=\"fadeInUp\"] Italico [\/vc_column_text][vc_column_text css_animation=\"fadeInUp\"] Pain de bl\u00e9 tendre de type Altamura, cr\u00e8me de pois, chicor\u00e9e grill\u00e9e et copeaux...<\/div>\r\n\r\n\t\t\t\t\t\t<a class=\"wppsac-readmorebtn\" href=\"https:\/\/www.salumificiovitali.com\/fr\/italico\/\">Read More<\/a>\r\n\t\t\t\t\t<\/div>\r\n\t\t\t<\/div>\r\n<\/div><div class=\"wppsac-carousel-slides\">\r\n\t\t<div class=\"wppsac-post-image-bg\">\r\n\t\t<a href=\"https:\/\/www.salumificiovitali.com\/fr\/caput-mundi\/\">\r\n\t\t\t<img class=\"wppsac-post-image\"  src=\"https:\/\/www.salumificiovitali.com\/wp-content\/uploads\/2021\/12\/CAPUT-MUNDI_BASSIANO_Pane-romano_8028-1.jpg\" alt=\"Caput Mundi\" \/>\r\n\t\t<\/a>\r\n\t<\/div>\r\n\t\r\n\t<div class=\"wppsac-post-content-position\">\r\n\t\t\t\t<div class=\"wppsac-post-categories\"><ul class=\"wppsac-post-categories-list\"><li><a href=\"https:\/\/www.salumificiovitali.com\/fr\/category\/panini\/\">Sandwichs<\/a><\/li><li><a href=\"https:\/\/www.salumificiovitali.com\/fr\/category\/ricette\/\">Recettes<\/a><\/li><\/ul><\/div>\r\n\t\t\r\n\t\t<h2 class=\"wppsac-post-title\">\r\n\t\t\t<a href=\"https:\/\/www.salumificiovitali.com\/fr\/caput-mundi\/\">Caput Mundi<\/a>\r\n\t\t<\/h2>\r\n\r\n\t\t\t\t<div class=\"wppsac-post-content\">\r\n\t\t\t<div class=\"wppsac-sub-content\">[vc_row][vc_column][vc_empty_space height=\"22px\"][vc_column_text css_animation=\"fadeInUp\"] Caput Mundi [\/vc_column_text][vc_column_text css_animation=\"fadeInUp\"] Pain de type \u00ab cazzotto \u00bb romain, mozzarella di bufala et artichaut frit....<\/div>\r\n\r\n\t\t\t\t\t\t<a class=\"wppsac-readmorebtn\" href=\"https:\/\/www.salumificiovitali.com\/fr\/caput-mundi\/\">Read More<\/a>\r\n\t\t\t\t\t<\/div>\r\n\t\t\t<\/div>\r\n<\/div><div class=\"wppsac-carousel-slides\">\r\n\t\t<div class=\"wppsac-post-image-bg\">\r\n\t\t<a href=\"https:\/\/www.salumificiovitali.com\/fr\/linatteso\/\">\r\n\t\t\t<img class=\"wppsac-post-image\"  src=\"https:\/\/www.salumificiovitali.com\/wp-content\/uploads\/2021\/12\/LINATTESO_CULATTA_Pane-ai-cereali_8063a.jpg\" alt=\"L\u2019inatteso\" \/>\r\n\t\t<\/a>\r\n\t<\/div>\r\n\t\r\n\t<div class=\"wppsac-post-content-position\">\r\n\t\t\t\t<div class=\"wppsac-post-categories\"><ul class=\"wppsac-post-categories-list\"><li><a href=\"https:\/\/www.salumificiovitali.com\/fr\/category\/panini\/\">Sandwichs<\/a><\/li><li><a href=\"https:\/\/www.salumificiovitali.com\/fr\/category\/ricette\/\">Recettes<\/a><\/li><\/ul><\/div>\r\n\t\t\r\n\t\t<h2 class=\"wppsac-post-title\">\r\n\t\t\t<a href=\"https:\/\/www.salumificiovitali.com\/fr\/linatteso\/\">L\u2019inatteso<\/a>\r\n\t\t<\/h2>\r\n\r\n\t\t\t\t<div class=\"wppsac-post-content\">\r\n\t\t\t<div class=\"wppsac-sub-content\">[vc_row][vc_column][vc_empty_space height=\"22px\"][vc_column_text css_animation=\"fadeInUp\"] L\u2019inatteso [\/vc_column_text][vc_column_text css_animation=\"fadeInUp\"] Le Pain aux c\u00e9r\u00e9ales inattendu \u00e0 la mayonnaise au yaourt, au c\u00e9leri-rave blanchi et...<\/div>\r\n\r\n\t\t\t\t\t\t<a class=\"wppsac-readmorebtn\" href=\"https:\/\/www.salumificiovitali.com\/fr\/linatteso\/\">Read More<\/a>\r\n\t\t\t\t\t<\/div>\r\n\t\t\t<\/div>\r\n<\/div>\t\t\t<\/div>\r\n\t\t<\/div>\r\n\t[\/vc_column_text][vc_empty_space][\/vc_column][\/vc_row]<\/p>","protected":false},"excerpt":{"rendered":"<p>[vc_row][vc_column][vc_empty_space height=\u00a0\u00bb22px\u00a0\u00bb][vc_column_text css_animation=\u00a0\u00bbfadeInUp\u00a0\u00bb] Fantasia [\/vc_column_text][vc_column_text css_animation=\u00a0\u00bbfadeInUp\u00a0\u00bb] Brioche fantaisie sal\u00e9e avec ricotta, bettes grill\u00e9es, \u00e9minc\u00e9 de tiges de bettes blanchies et noix. [\/vc_column_text][vc_empty_space height=\u00a0\u00bb22px\u00a0\u00bb][\/vc_column][\/vc_row][vc_row full_width=\u00a0\u00bbstretch_row\u00a0\u00bb css=\u00a0\u00bb.vc_custom_1639064576501{padding-top: 40px !important;background-image: url(https:\/\/www.salumificiovitali.com\/wp-content\/uploads\/2021\/11\/ricette_bg.jpg?id=12852) !important;background-position: center !important;background-repeat: no-repeat !important;background-size: contain !important;}\u00a0\u00bb][vc_column width=\u00a0\u00bb1\/2&Prime;][vc_column_text css_animation=\u00a0\u00bbfadeInUp\u00a0\u00bb] Ingredi\u00e9nts [\/vc_column_text][vc_empty_space height=\u00a0\u00bb12px\u00a0\u00bb][vc_column_text css_animation=\u00a0\u00bbfadeInUp\u00a0\u00bb] 80\u00a0g de focaccia au potiron 80\u00a0g de jambon cru affin\u00e9 Vitali coup\u00e9 en fines [&hellip;]<\/p>\n","protected":false},"author":1,"featured_media":12907,"comment_status":"closed","ping_status":"open","sticky":false,"template":"","format":"standard","meta":[],"categories":[24,19],"tags":[],"aioseo_notices":[],"_links":{"self":[{"href":"https:\/\/www.salumificiovitali.com\/fr\/wp-json\/wp\/v2\/posts\/12905"}],"collection":[{"href":"https:\/\/www.salumificiovitali.com\/fr\/wp-json\/wp\/v2\/posts"}],"about":[{"href":"https:\/\/www.salumificiovitali.com\/fr\/wp-json\/wp\/v2\/types\/post"}],"author":[{"embeddable":true,"href":"https:\/\/www.salumificiovitali.com\/fr\/wp-json\/wp\/v2\/users\/1"}],"replies":[{"embeddable":true,"href":"https:\/\/www.salumificiovitali.com\/fr\/wp-json\/wp\/v2\/comments?post=12905"}],"version-history":[{"count":4,"href":"https:\/\/www.salumificiovitali.com\/fr\/wp-json\/wp\/v2\/posts\/12905\/revisions"}],"predecessor-version":[{"id":13929,"href":"https:\/\/www.salumificiovitali.com\/fr\/wp-json\/wp\/v2\/posts\/12905\/revisions\/13929"}],"wp:featuredmedia":[{"embeddable":true,"href":"https:\/\/www.salumificiovitali.com\/fr\/wp-json\/wp\/v2\/media\/12907"}],"wp:attachment":[{"href":"https:\/\/www.salumificiovitali.com\/fr\/wp-json\/wp\/v2\/media?parent=12905"}],"wp:term":[{"taxonomy":"category","embeddable":true,"href":"https:\/\/www.salumificiovitali.com\/fr\/wp-json\/wp\/v2\/categories?post=12905"},{"taxonomy":"post_tag","embeddable":true,"href":"https:\/\/www.salumificiovitali.com\/fr\/wp-json\/wp\/v2\/tags?post=12905"}],"curies":[{"name":"wp","href":"https:\/\/api.w.org\/{rel}","templated":true}]}}